{"id":1,"date":"2018-06-17T21:11:23","date_gmt":"2018-06-17T19:11:23","guid":{"rendered":"http:\/\/amis-st-mathieu.org\/?p=1"},"modified":"2018-07-19T14:53:35","modified_gmt":"2018-07-19T12:53:35","slug":"2018","status":"publish","type":"post","link":"https:\/\/amis-st-mathieu.org\/index.php\/2018\/06\/17\/2018\/","title":{"rendered":"2018"},"content":{"rendered":"<p><a href=\"https:\/\/www.letelegramme.fr\/finistere\/plougonvelin\/abbaye-de-saint-mathieu-l-archeologie-pour-retracer-son-histoire-16-06-2018-11996558.php\">Abbaye\u00a0 de saint-Mathieu l&rsquo;arch\u00e9ologie pour retracer son histoire-16-06-2018<\/a><\/p>\n<p><a href=\"https:\/\/www.letelegramme.fr\/finistere\/plougonvelin\/plougonvelin-a-saint-mathieu-on-prepare-l-ete-02-06-2018-11979622.php\">A saint-Mathieu, on pr\u00e9pare l&rsquo;\u00e9t\u00e9 -02-06-2018<\/a><\/p>\n<p>&nbsp;<\/p>\n","protected":false},"excerpt":{"rendered":"<p>Abbaye\u00a0 de saint-Mathieu l&rsquo;arch\u00e9ologie pour retracer son histoire-16-06-2018 A saint-Mathieu, on pr\u00e9pare l&rsquo;\u00e9t\u00e9 -02-06-2018 &nbsp;<\/p>\n","protected":false},"author":1,"featured_media":0,"comment_status":"open","ping_status":"open","sticky":false,"template":"","format":"standard","meta":{"footnotes":""},"categories":[1],"tags":[],"class_list":["post-1","post","type-post","status-publish","format-standard","hentry","category-non-classe"],"_links":{"self":[{"href":"https:\/\/amis-st-mathieu.org\/index.php\/wp-json\/wp\/v2\/posts\/1","targetHints":{"allow":["GET"]}}],"collection":[{"href":"https:\/\/amis-st-mathieu.org\/index.php\/wp-json\/wp\/v2\/posts"}],"about":[{"href":"https:\/\/amis-st-mathieu.org\/index.php\/wp-json\/wp\/v2\/types\/post"}],"author":[{"embeddable":true,"href":"https:\/\/amis-st-mathieu.org\/index.php\/wp-json\/wp\/v2\/users\/1"}],"replies":[{"embeddable":true,"href":"https:\/\/amis-st-mathieu.org\/index.php\/wp-json\/wp\/v2\/comments?post=1"}],"version-history":[{"count":1,"href":"https:\/\/amis-st-mathieu.org\/index.php\/wp-json\/wp\/v2\/posts\/1\/revisions"}],"predecessor-version":[{"id":68,"href":"https:\/\/amis-st-mathieu.org\/index.php\/wp-json\/wp\/v2\/posts\/1\/revisions\/68"}],"wp:attachment":[{"href":"https:\/\/amis-st-mathieu.org\/index.php\/wp-json\/wp\/v2\/media?parent=1"}],"wp:term":[{"taxonomy":"category","embeddable":true,"href":"https:\/\/amis-st-mathieu.org\/index.php\/wp-json\/wp\/v2\/categories?post=1"},{"taxonomy":"post_tag","embeddable":true,"href":"https:\/\/amis-st-mathieu.org\/index.php\/wp-json\/wp\/v2\/tags?post=1"}],"curies":[{"name":"wp","href":"https:\/\/api.w.org\/{rel}","templated":true}]}}